{"id":997,"date":"2015-05-25T16:08:37","date_gmt":"2015-05-25T15:08:37","guid":{"rendered":"http:\/\/www.taus-pirineus.com\/?p=997"},"modified":"2015-11-08T01:17:23","modified_gmt":"2015-11-08T00:17:23","slug":"excursio-2015","status":"publish","type":"post","link":"http:\/\/www.taus-pirineus.com\/?p=997","title":{"rendered":"Excursi\u00f3 2015"},"content":{"rendered":"<h1 style=\"text-align: center;\"><strong><span style=\"color: #0000ff;\">Ta\u00fas &#8211; Noves de Segre<\/span><\/strong><\/h1>\n<h2 style=\"text-align: center;\">20 de juny de 2015<\/h2>\n<h3 style=\"text-align: center;\"><span style=\"color: #0000ff;\">Sortida de Ta\u00fas a les 8 h des del Querant<\/span><\/h3>\n<h3 style=\"text-align: center;\"><span style=\"color: #0000ff;\">Preu: 50\u20ac (inclou dinar, regal i autocar)<\/span><\/h3>\n<h3 style=\"text-align: center;\"><em>Cal confirmar abans del 8 de juny<\/em><\/h3>\n<h3 style=\"text-align: center;\"><em>618296511 (Josep Antoni)<\/em><\/h3>\n<h3 style=\"text-align: center;\"><em>616903768 (Montse)<\/em><\/h3>\n<p>&nbsp;<\/p>\n<p style=\"margin-bottom: .0001pt; text-align: center; line-height: normal; mso-outline-level: 4; border: none; mso-border-alt: solid windowtext .5pt; padding: 0cm; mso-padding-alt: 1.0pt 4.0pt 1.0pt 4.0pt;\"><span style=\"font-family: arial,helvetica,sans-serif;\"><strong><em><span style=\"text-decoration: underline;\"><span style=\"font-size: 12pt; color: green; text-decoration: underline;\">Men\u00fa:<\/span><\/span><\/em><\/strong><\/span><\/p>\n<p style=\"margin-bottom: .0001pt; text-align: center; line-height: normal; mso-outline-level: 4; border: none; mso-border-alt: solid windowtext .5pt; padding: 0cm; mso-padding-alt: 1.0pt 4.0pt 1.0pt 4.0pt;\"><span style=\"font-family: arial,helvetica,sans-serif;\"><strong><em><span style=\"font-size: 12pt; color: green;\">Primers pica-pica<br \/>\n<\/span><\/em><\/strong><\/span><\/p>\n<p style=\"margin-bottom: .0001pt; text-align: center; line-height: normal; border: none; mso-border-alt: solid windowtext .5pt; padding: 0cm; mso-padding-alt: 1.0pt 4.0pt 1.0pt 4.0pt;\"><span style=\"color: #008000; font-family: arial,helvetica,sans-serif; font-size: 10pt;\"><em>Farcellets amb salsa roquefort i nous<br \/>\n<\/em><\/span><\/p>\n<p style=\"margin-bottom: .0001pt; text-align: center; line-height: normal; border: none; mso-border-alt: solid windowtext .5pt; padding: 0cm; mso-padding-alt: 1.0pt 4.0pt 1.0pt 4.0pt;\"><span style=\"color: #008000; font-family: arial,helvetica,sans-serif; font-size: 10pt;\"><em>P\u00e0 amb tom\u00e0quet i xori\u00e7 ib\u00e8ric<\/em><\/span><\/p>\n<p style=\"margin-bottom: .0001pt; text-align: center; line-height: normal; border: none; mso-border-alt: solid windowtext .5pt; padding: 0cm; mso-padding-alt: 1.0pt 4.0pt 1.0pt 4.0pt;\"><span style=\"color: #008000; font-family: arial,helvetica,sans-serif; font-size: 10pt;\"><em>Torradeta escalivada amb anxoves<\/em><\/span><\/p>\n<p style=\"margin-bottom: .0001pt; text-align: center; line-height: normal; border: none; mso-border-alt: solid windowtext .5pt; padding: 0cm; mso-padding-alt: 1.0pt 4.0pt 1.0pt 4.0pt;\"><span style=\"color: #008000; font-family: arial,helvetica,sans-serif; font-size: 10pt;\"><em>Torradeta amb salm\u00f3<\/em><\/span><\/p>\n<p style=\"margin-bottom: .0001pt; text-align: center; line-height: normal; border: none; mso-border-alt: solid windowtext .5pt; padding: 0cm; mso-padding-alt: 1.0pt 4.0pt 1.0pt 4.0pt;\"><span style=\"color: #008000; font-family: arial,helvetica,sans-serif; font-size: 10pt;\"><em>Gambes salades<\/em><\/span><\/p>\n<p style=\"margin-bottom: .0001pt; text-align: center; line-height: normal; border: none; mso-border-alt: solid windowtext .5pt; padding: 0cm; mso-padding-alt: 1.0pt 4.0pt 1.0pt 4.0pt;\"><span style=\"color: #008000; font-family: arial,helvetica,sans-serif; font-size: 10pt;\"><em>Rotllets sobrassada i pernil dol\u00e7<\/em><\/span><\/p>\n<p style=\"margin-bottom: .0001pt; text-align: center; line-height: normal; border: none; mso-border-alt: solid windowtext .5pt; padding: 0cm; mso-padding-alt: 1.0pt 4.0pt 1.0pt 4.0pt;\"><span style=\"color: #008000; font-family: arial,helvetica,sans-serif; font-size: 10pt;\"><em>Musclos vapor i salsa<\/em><\/span><\/p>\n<p style=\"margin-bottom: .0001pt; text-align: center; line-height: normal; border: none; mso-border-alt: solid windowtext .5pt; padding: 0cm; mso-padding-alt: 1.0pt 4.0pt 1.0pt 4.0pt;\"><span style=\"color: #008000; font-family: arial,helvetica,sans-serif; font-size: 10pt;\"><em>Pebrots piquillo farcits bacall\u00e0<\/em><\/span><\/p>\n<p style=\"margin-bottom: .0001pt; text-align: center; line-height: normal; border: none; mso-border-alt: solid windowtext .5pt; padding: 0cm; mso-padding-alt: 1.0pt 4.0pt 1.0pt 4.0pt;\"><span style=\"color: #008000; font-family: arial,helvetica,sans-serif; font-size: 10pt;\"><em>Pop a la gallega<\/em><\/span><\/p>\n<p style=\"margin-bottom: .0001pt; text-align: center; line-height: normal; border: none; mso-border-alt: solid windowtext .5pt; padding: 0cm; mso-padding-alt: 1.0pt 4.0pt 1.0pt 4.0pt;\"><span style=\"color: #008000; font-family: arial,helvetica,sans-serif; font-size: 10pt;\"><em>Xirles amb salsa<\/em><\/span><\/p>\n<p style=\"margin-bottom: .0001pt; text-align: center; line-height: normal; border: none; mso-border-alt: solid windowtext .5pt; padding: 0cm; mso-padding-alt: 1.0pt 4.0pt 1.0pt 4.0pt;\"><span style=\"color: #008000; font-family: arial,helvetica,sans-serif; font-size: 10pt;\"><em>Patates braves<\/em><\/span><\/p>\n<p style=\"margin-bottom: .0001pt; text-align: center; line-height: normal; border: none; mso-border-alt: solid windowtext .5pt; padding: 0cm; mso-padding-alt: 1.0pt 4.0pt 1.0pt 4.0pt;\"><span style=\"color: #008000; font-family: arial,helvetica,sans-serif; font-size: 10pt;\"><em>Tartaleta farcida bolets<\/em><\/span><\/p>\n<p style=\"margin-bottom: .0001pt; text-align: center; line-height: normal; mso-outline-level: 4; border: none; mso-border-alt: solid windowtext .5pt; padding: 0cm; mso-padding-alt: 1.0pt 4.0pt 1.0pt 4.0pt;\"><span style=\"font-family: arial,helvetica,sans-serif;\"><strong><em><span style=\"font-size: 12pt; color: green;\">Segons a escollir<br \/>\n<\/span><\/em><\/strong><\/span><\/p>\n<p style=\"margin-bottom: .0001pt; text-align: center; line-height: normal; border: none; mso-border-alt: solid windowtext .5pt; padding: 0cm; mso-padding-alt: 1.0pt 4.0pt 1.0pt 4.0pt;\"><span style=\"color: #008000; font-family: arial,helvetica,sans-serif;\"><em><span style=\"font-size: 12pt;\">1- Espatlla xai forn<\/span><\/em><\/span><\/p>\n<p style=\"margin-bottom: .0001pt; text-align: center; line-height: normal; border: none; mso-border-alt: solid windowtext .5pt; padding: 0cm; mso-padding-alt: 1.0pt 4.0pt 1.0pt 4.0pt;\"><span style=\"color: #008000; font-family: arial,helvetica,sans-serif;\"><em><span style=\"font-size: 12pt;\">2- Entrecot brasa amb salsa roquefort o salsa ceps<\/span><\/em><\/span><\/p>\n<p style=\"margin-bottom: .0001pt; text-align: center; line-height: normal; border: none; mso-border-alt: solid windowtext .5pt; padding: 0cm; mso-padding-alt: 1.0pt 4.0pt 1.0pt 4.0pt;\"><span style=\"color: #008000; font-family: arial,helvetica,sans-serif;\"><em><span style=\"font-size: 12pt;\">3- Graellada carn<\/span><\/em><\/span><\/p>\n<p style=\"margin-bottom: .0001pt; text-align: center; line-height: normal; border: none; mso-border-alt: solid windowtext .5pt; padding: 0cm; mso-padding-alt: 1.0pt 4.0pt 1.0pt 4.0pt;\"><span style=\"color: #008000; font-family: arial,helvetica,sans-serif;\"><em>4- Bacall\u00e0 forn<\/em><\/span><\/p>\n<p style=\"margin-bottom: .0001pt; text-align: center; line-height: normal; border: none; mso-border-alt: solid windowtext .5pt; padding: 0cm; mso-padding-alt: 1.0pt 4.0pt 1.0pt 4.0pt;\"><span style=\"color: #008000; font-family: arial,helvetica,sans-serif;\"><em>5- Llenguado planxa amb panses i pinyons<\/em><\/span><\/p>\n<h5 style=\"margin-bottom: .0001pt; text-align: center; line-height: normal; border: none; mso-border-alt: solid windowtext .5pt; padding: 0cm; mso-padding-alt: 1.0pt 4.0pt 1.0pt 4.0pt;\"><span style=\"font-family: arial,helvetica,sans-serif;\"><strong><em><span style=\"font-size: 12pt; color: green;\">Postre<\/span><\/em><\/strong><em><span style=\"font-size: 12pt; color: green;\"><strong>, Vi negre, Vi blanc, Aigua, Cava i Caf\u00e8<\/strong><br \/>\n<\/span><\/em><\/span><\/h5>\n","protected":false},"excerpt":{"rendered":"<p>Ta\u00fas &#8211; Noves de Segre 20 de juny de 2015 Sortida de Ta\u00fas a les 8 h des del Querant Preu: 50\u20ac (inclou dinar, regal i autocar) Cal confirmar abans del 8 de juny 618296511 (Josep Antoni) 616903768 (Montse) &nbsp; Men\u00fa: Primers pica-pica Farcellets amb salsa roquefort i nous P\u00e0 amb tom\u00e0quet i xori\u00e7 ib\u00e8ric Torradeta escalivada amb anxoves Torradeta [&hellip;]<\/p>\n","protected":false},"author":5,"featured_media":0,"comment_status":"open","ping_status":"open","sticky":false,"template":"","format":"standard","meta":{"ngg_post_thumbnail":0},"categories":[16],"tags":[],"_links":{"self":[{"href":"http:\/\/www.taus-pirineus.com\/index.php?rest_route=\/wp\/v2\/posts\/997"}],"collection":[{"href":"http:\/\/www.taus-pirineus.com\/index.php?rest_route=\/wp\/v2\/posts"}],"about":[{"href":"http:\/\/www.taus-pirineus.com\/index.php?rest_route=\/wp\/v2\/types\/post"}],"author":[{"embeddable":true,"href":"http:\/\/www.taus-pirineus.com\/index.php?rest_route=\/wp\/v2\/users\/5"}],"replies":[{"embeddable":true,"href":"http:\/\/www.taus-pirineus.com\/index.php?rest_route=%2Fwp%2Fv2%2Fcomments&post=997"}],"version-history":[{"count":3,"href":"http:\/\/www.taus-pirineus.com\/index.php?rest_route=\/wp\/v2\/posts\/997\/revisions"}],"predecessor-version":[{"id":1000,"href":"http:\/\/www.taus-pirineus.com\/index.php?rest_route=\/wp\/v2\/posts\/997\/revisions\/1000"}],"wp:attachment":[{"href":"http:\/\/www.taus-pirineus.com\/index.php?rest_route=%2Fwp%2Fv2%2Fmedia&parent=997"}],"wp:term":[{"taxonomy":"category","embeddable":true,"href":"http:\/\/www.taus-pirineus.com\/index.php?rest_route=%2Fwp%2Fv2%2Fcategories&post=997"},{"taxonomy":"post_tag","embeddable":true,"href":"http:\/\/www.taus-pirineus.com\/index.php?rest_route=%2Fwp%2Fv2%2Ftags&post=997"}],"curies":[{"name":"wp","href":"https:\/\/api.w.org\/{rel}","templated":true}]}}