{"id":788,"date":"2013-09-29T08:00:36","date_gmt":"2013-09-29T07:00:36","guid":{"rendered":"http:\/\/www.taus-pirineus.com\/?p=788"},"modified":"2015-11-08T01:18:35","modified_gmt":"2015-11-08T00:18:35","slug":"propers-esdeveniments-i-actes-abans-dacabar-el-2013","status":"publish","type":"post","link":"http:\/\/www.taus-pirineus.com\/?p=788","title":{"rendered":"Propers esdeveniments i actes abans d&#8217;acabar el 2013"},"content":{"rendered":"<h2 style=\"text-align: center;\"><span style=\"text-decoration: underline;\">Sopar de l&#8217;amic invisible<\/span><\/h2>\n<h1 style=\"text-align: center;\"><strong><span style=\"color: #0000ff;\">23 de novembre<\/span><br \/>\n<\/strong><\/h1>\n<h1 style=\"text-align: center;\"><strong>Sopar de taussans a l&#8217;Hotel Coma<\/strong><strong> (ORDINO)<\/strong><\/h1>\n<h2 style=\"text-align: center;\"><strong>M\u00fasica i ball<\/strong><\/h2>\n<p style=\"text-align: center;\">\n<p style=\"text-align: center;\"><strong>Cal confirmar assist\u00e8ncia i habitaci\u00f3 a l&#8217;Hotel Coma<br \/>\n<\/strong><\/p>\n<h2 style=\"text-align: center;\">&#8212;&#8212;&#8212;&#8212;&#8212;&#8212;&#8212;&#8212;&#8212;&#8212;&#8212;&#8212;&#8212;&#8212;&#8212;&#8212;&#8212;&#8212;&#8212;&#8212;&#8212;&#8212;&#8212;&#8212;&#8212;&#8212;&#8212;&#8212;-<\/h2>\n<h2 style=\"text-align: center;\"><span style=\"text-decoration: underline;\">Festa major de la Gu\u00e0rdia d&#8217;Ares<\/span><\/h2>\n<h1 style=\"text-align: center;\"><strong><span style=\"color: #0000ff;\">12 d&#8217;octubre<\/span><br \/>\n<\/strong><\/h1>\n<h1 style=\"text-align: center;\"><strong>Sopar de taussans a Cal Gepo<\/strong><\/h1>\n<h2 style=\"text-align: center;\"><strong>(La Vianda de l&#8217;Hilari)<\/strong><\/h2>\n<p style=\"text-align: center;\"><strong>Cal confirmar assist\u00e8ncia a l&#8217;Antonio del Llaur\u00f3, l&#8217;Hilari o al Jaume del Gepo<br \/>\n<\/strong><\/p>\n","protected":false},"excerpt":{"rendered":"<p>Sopar de l&#8217;amic invisible 23 de novembre Sopar de taussans a l&#8217;Hotel Coma (ORDINO) M\u00fasica i ball Cal confirmar assist\u00e8ncia i habitaci\u00f3 a l&#8217;Hotel Coma &#8212;&#8212;&#8212;&#8212;&#8212;&#8212;&#8212;&#8212;&#8212;&#8212;&#8212;&#8212;&#8212;&#8212;&#8212;&#8212;&#8212;&#8212;&#8212;&#8212;&#8212;&#8212;&#8212;&#8212;&#8212;&#8212;&#8212;&#8212;- Festa major de la Gu\u00e0rdia d&#8217;Ares 12 d&#8217;octubre Sopar de taussans a Cal Gepo (La Vianda de l&#8217;Hilari) Cal confirmar assist\u00e8ncia a l&#8217;Antonio del Llaur\u00f3, l&#8217;Hilari o al Jaume del Gepo<\/p>\n","protected":false},"author":5,"featured_media":0,"comment_status":"open","ping_status":"open","sticky":false,"template":"","format":"standard","meta":{"ngg_post_thumbnail":0},"categories":[14],"tags":[],"_links":{"self":[{"href":"http:\/\/www.taus-pirineus.com\/index.php?rest_route=\/wp\/v2\/posts\/788"}],"collection":[{"href":"http:\/\/www.taus-pirineus.com\/index.php?rest_route=\/wp\/v2\/posts"}],"about":[{"href":"http:\/\/www.taus-pirineus.com\/index.php?rest_route=\/wp\/v2\/types\/post"}],"author":[{"embeddable":true,"href":"http:\/\/www.taus-pirineus.com\/index.php?rest_route=\/wp\/v2\/users\/5"}],"replies":[{"embeddable":true,"href":"http:\/\/www.taus-pirineus.com\/index.php?rest_route=%2Fwp%2Fv2%2Fcomments&post=788"}],"version-history":[{"count":6,"href":"http:\/\/www.taus-pirineus.com\/index.php?rest_route=\/wp\/v2\/posts\/788\/revisions"}],"predecessor-version":[{"id":794,"href":"http:\/\/www.taus-pirineus.com\/index.php?rest_route=\/wp\/v2\/posts\/788\/revisions\/794"}],"wp:attachment":[{"href":"http:\/\/www.taus-pirineus.com\/index.php?rest_route=%2Fwp%2Fv2%2Fmedia&parent=788"}],"wp:term":[{"taxonomy":"category","embeddable":true,"href":"http:\/\/www.taus-pirineus.com\/index.php?rest_route=%2Fwp%2Fv2%2Fcategories&post=788"},{"taxonomy":"post_tag","embeddable":true,"href":"http:\/\/www.taus-pirineus.com\/index.php?rest_route=%2Fwp%2Fv2%2Ftags&post=788"}],"curies":[{"name":"wp","href":"https:\/\/api.w.org\/{rel}","templated":true}]}}