{"id":1094,"date":"2016-06-11T05:50:07","date_gmt":"2016-06-11T04:50:07","guid":{"rendered":"http:\/\/www.taus-pirineus.com\/?p=1094"},"modified":"2017-04-14T16:39:28","modified_gmt":"2017-04-14T15:39:28","slug":"creu-dels-evangelis-2016","status":"publish","type":"post","link":"http:\/\/www.taus-pirineus.com\/?p=1094","title":{"rendered":"CREU DELS EVANGELIS 2016"},"content":{"rendered":"<p style=\"text-align: center;\"><span style=\"color: #0000ff; font-size: 36pt;\"><strong>Dissabte 9 de juliol<\/strong><\/span><\/p>\n<p style=\"text-align: center;\"><span style=\"font-size: 24pt;\"><strong>Ascenci\u00f3 a la Creu dels Evangelis,<\/strong><\/span><\/p>\n<p style=\"text-align: center;\"><span style=\"font-size: 24pt;\"><strong>Benedicci\u00f3 del terme<\/strong><\/span><\/p>\n<p style=\"text-align: center;\"><span style=\"font-size: 24pt;\"><strong>i Dinar popular<\/strong><\/span><\/p>\n<p style=\"text-align: center;\"><strong><span style=\"font-size: 18pt; color: #800080;\">A Comafreda (si el temps acompanya)<\/span><\/strong><\/p>\n<p style=\"text-align: center;\"><span style=\"font-size: 18pt; color: #000000;\"><em><strong>Cal confirmar assist\u00e8ncia al Salva o l&#8217;Hilari<\/strong><\/em><\/span><\/p>\n","protected":false},"excerpt":{"rendered":"<p>Dissabte 9 de juliol Ascenci\u00f3 a la Creu dels Evangelis, Benedicci\u00f3 del terme i Dinar popular A Comafreda (si el temps acompanya) Cal confirmar assist\u00e8ncia al Salva o l&#8217;Hilari<\/p>\n","protected":false},"author":5,"featured_media":0,"comment_status":"open","ping_status":"open","sticky":false,"template":"","format":"standard","meta":{"ngg_post_thumbnail":0},"categories":[17,9],"tags":[],"_links":{"self":[{"href":"http:\/\/www.taus-pirineus.com\/index.php?rest_route=\/wp\/v2\/posts\/1094"}],"collection":[{"href":"http:\/\/www.taus-pirineus.com\/index.php?rest_route=\/wp\/v2\/posts"}],"about":[{"href":"http:\/\/www.taus-pirineus.com\/index.php?rest_route=\/wp\/v2\/types\/post"}],"author":[{"embeddable":true,"href":"http:\/\/www.taus-pirineus.com\/index.php?rest_route=\/wp\/v2\/users\/5"}],"replies":[{"embeddable":true,"href":"http:\/\/www.taus-pirineus.com\/index.php?rest_route=%2Fwp%2Fv2%2Fcomments&post=1094"}],"version-history":[{"count":4,"href":"http:\/\/www.taus-pirineus.com\/index.php?rest_route=\/wp\/v2\/posts\/1094\/revisions"}],"predecessor-version":[{"id":1098,"href":"http:\/\/www.taus-pirineus.com\/index.php?rest_route=\/wp\/v2\/posts\/1094\/revisions\/1098"}],"wp:attachment":[{"href":"http:\/\/www.taus-pirineus.com\/index.php?rest_route=%2Fwp%2Fv2%2Fmedia&parent=1094"}],"wp:term":[{"taxonomy":"category","embeddable":true,"href":"http:\/\/www.taus-pirineus.com\/index.php?rest_route=%2Fwp%2Fv2%2Fcategories&post=1094"},{"taxonomy":"post_tag","embeddable":true,"href":"http:\/\/www.taus-pirineus.com\/index.php?rest_route=%2Fwp%2Fv2%2Ftags&post=1094"}],"curies":[{"name":"wp","href":"https:\/\/api.w.org\/{rel}","templated":true}]}}