{"id":1086,"date":"2016-04-25T08:11:52","date_gmt":"2016-04-25T07:11:52","guid":{"rendered":"http:\/\/www.taus-pirineus.com\/?p=1086"},"modified":"2017-04-14T16:39:04","modified_gmt":"2017-04-14T15:39:04","slug":"excursio-2016","status":"publish","type":"post","link":"http:\/\/www.taus-pirineus.com\/?p=1086","title":{"rendered":"Excursi\u00f3 2016"},"content":{"rendered":"<p style=\"text-align: center;\"><span style=\"font-family: arial black,avant garde; font-size: 36pt; color: #04064d;\"><strong>18 DE JUNY DE 2016<\/strong><\/span><\/p>\n<p style=\"text-align: center;\"><span style=\"font-family: comic sans ms,sans-serif; font-size: 36pt; color: #000000;\"><strong>SERRA DE TA\u00daS &#8211; JUNYENT &#8211; BISCARB\u00d3 &#8211; PORT DEL CANT\u00d3<\/strong><\/span><\/p>\n<p style=\"text-align: center;\"><span style=\"font-size: 14pt;\">Sortida a les 8.00 h des de la Serra de Ta\u00fas (Cal portar esmorzar)<\/span><\/p>\n<p style=\"text-align: center;\"><span style=\"font-size: 24pt; font-family: arial black,avant garde; color: #008000;\"><strong>Preu: 50\u20ac (aprox)<\/strong><\/span><\/p>\n<p style=\"text-align: center;\"><span style=\"font-size: 14pt; font-family: arial,helvetica,sans-serif;\">Inclou: Dinar a La Seu (La Ballena), Obsequi i Autob\u00fas<\/span><\/p>\n<p style=\"text-align: center;\"><span style=\"color: #008000;\"><strong><span style=\"font-family: arial,helvetica,sans-serif; font-size: 14pt;\">Confirmar abans dia 29\/05<\/span><\/strong><\/span><\/p>\n<h3 style=\"text-align: center;\"><span style=\"font-family: arial,helvetica,sans-serif; font-size: 14pt; color: #000000;\"><em>618296511 (Josep Antoni)<\/em><\/span><\/h3>\n<h3 style=\"text-align: center;\"><span style=\"font-family: arial,helvetica,sans-serif; font-size: 14pt; color: #000000;\"><em>616903768 (Montse)<\/em><\/span><\/h3>\n<p style=\"text-align: justify;\">\n","protected":false},"excerpt":{"rendered":"<p>18 DE JUNY DE 2016 SERRA DE TA\u00daS &#8211; JUNYENT &#8211; BISCARB\u00d3 &#8211; PORT DEL CANT\u00d3 Sortida a les 8.00 h des de la Serra de Ta\u00fas (Cal portar esmorzar) Preu: 50\u20ac (aprox) Inclou: Dinar a La Seu (La Ballena), Obsequi i Autob\u00fas Confirmar abans dia 29\/05 618296511 (Josep Antoni) 616903768 (Montse)<\/p>\n","protected":false},"author":5,"featured_media":0,"comment_status":"closed","ping_status":"closed","sticky":false,"template":"","format":"standard","meta":{"ngg_post_thumbnail":0},"categories":[17],"tags":[],"_links":{"self":[{"href":"http:\/\/www.taus-pirineus.com\/index.php?rest_route=\/wp\/v2\/posts\/1086"}],"collection":[{"href":"http:\/\/www.taus-pirineus.com\/index.php?rest_route=\/wp\/v2\/posts"}],"about":[{"href":"http:\/\/www.taus-pirineus.com\/index.php?rest_route=\/wp\/v2\/types\/post"}],"author":[{"embeddable":true,"href":"http:\/\/www.taus-pirineus.com\/index.php?rest_route=\/wp\/v2\/users\/5"}],"replies":[{"embeddable":true,"href":"http:\/\/www.taus-pirineus.com\/index.php?rest_route=%2Fwp%2Fv2%2Fcomments&post=1086"}],"version-history":[{"count":6,"href":"http:\/\/www.taus-pirineus.com\/index.php?rest_route=\/wp\/v2\/posts\/1086\/revisions"}],"predecessor-version":[{"id":1092,"href":"http:\/\/www.taus-pirineus.com\/index.php?rest_route=\/wp\/v2\/posts\/1086\/revisions\/1092"}],"wp:attachment":[{"href":"http:\/\/www.taus-pirineus.com\/index.php?rest_route=%2Fwp%2Fv2%2Fmedia&parent=1086"}],"wp:term":[{"taxonomy":"category","embeddable":true,"href":"http:\/\/www.taus-pirineus.com\/index.php?rest_route=%2Fwp%2Fv2%2Fcategories&post=1086"},{"taxonomy":"post_tag","embeddable":true,"href":"http:\/\/www.taus-pirineus.com\/index.php?rest_route=%2Fwp%2Fv2%2Ftags&post=1086"}],"curies":[{"name":"wp","href":"https:\/\/api.w.org\/{rel}","templated":true}]}}